{"id":746,"date":"2024-09-29T08:48:36","date_gmt":"2024-09-29T08:48:36","guid":{"rendered":"https:\/\/10klleida.com\/neix-a-lleida-la-primera-prova-estatal-de-10-km\/"},"modified":"2024-10-16T12:49:55","modified_gmt":"2024-10-16T12:49:55","slug":"neix-a-lleida-la-primera-prova-estatal-de-10-km","status":"publish","type":"post","link":"https:\/\/10klleida.com\/ca\/neix-a-lleida-la-primera-prova-estatal-de-10-km\/","title":{"rendered":"Neix a Lleida la primera prova estatal de 10 km"},"content":{"rendered":"<h1>Neix a Lleida la primera prova estatal de 10 km<\/h1>\n<h2>El 24 de novembre i per al futur es preveu una de 5 km, una milla i un cros<\/h2>\n<p class=\"paragraph\">Lleida albergar\u00e0 aquest any la primera prova de 10K de car\u00e0cter estatal i la primera que es disputa a tot Catalunya inscrita al calendari oficial de la Federaci\u00f3 Espanyola d&#8217;Atletisme. La 10K Lleida Race International est\u00e0 programada per al proper 24 novembre i es disputar\u00e0 en un circuit de 5 quil\u00f2metres que est\u00e0 sent homologat, al qual els corredors faran dues voltes, amb sortida i arribada a l&#8217;estaci\u00f3 de trens, transcorrent per l&#8217;avinguda de Madrid , Estudi General, avinguda de Barcelona, \u200b\u200bcarrer Riu Ebre, Cam\u00ed de Picos, avinguda de Victoriano Mu\u00f1oz i Pr\u00edncip de Viana. <\/p>\n<p><a href=\"https:\/\/www.segre.com\/es\/deportes\/240926\/nace-en-lleida-la-primera-prueba-estatal-de-10-km_574055.html\" target=\"_blank\" rel=\"noopener\">https:\/\/www.segre.com\/es\/deportes\/240926\/nace-en-lleida-la-primera-prueba-estatal-de-10-km_574055.html<\/a><\/p>\n","protected":false},"excerpt":{"rendered":"<p>Neix a Lleida la primera prova estatal de 10 km El 24 de novembre i per al futur es preveu una de 5 km, una milla i un cros Lleida albergar\u00e0 aquest any la primera prova de 10K de car\u00e0cter estatal i la primera que&#8230;<\/p>\n","protected":false},"author":1,"featured_media":695,"comment_status":"closed","ping_status":"closed","sticky":false,"template":"","format":"standard","meta":{"content-type":"","om_disable_all_campaigns":false,"_monsterinsights_skip_tracking":false,"_monsterinsights_sitenote_active":false,"_monsterinsights_sitenote_note":"","_monsterinsights_sitenote_category":0,"_uf_show_specific_survey":0,"_uf_disable_surveys":false,"footnotes":""},"categories":[1],"tags":[],"class_list":["post-746","post","type-post","status-publish","format-standard","has-post-thumbnail","hentry","category-sin-categorizar"],"aioseo_notices":[],"yoast_head":"<!-- This site is optimized with the Yoast SEO plugin v23.5 - https:\/\/yoast.com\/wordpress\/plugins\/seo\/ -->\n<title>Neix a Lleida la primera prova estatal de 10 km - 10K Lleida<\/title>\n<meta name=\"robots\" content=\"index, follow, max-snippet:-1, max-image-preview:large, max-video-preview:-1\" \/>\n<link rel=\"canonical\" href=\"https:\/\/10klleida.com\/ca\/?p=746\" \/>\n<meta property=\"og:locale\" content=\"ca_ES\" \/>\n<meta property=\"og:type\" content=\"article\" \/>\n<meta property=\"og:title\" content=\"Neix a Lleida la primera prova estatal de 10 km - 10K Lleida\" \/>\n<meta property=\"og:description\" content=\"Neix a Lleida la primera prova estatal de 10 km El 24 de novembre i per al futur es preveu una de 5 km, una milla i un cros Lleida albergar\u00e0 aquest any la primera prova de 10K de car\u00e0cter estatal i la primera que...\" \/>\n<meta property=\"og:url\" content=\"https:\/\/10klleida.com\/ca\/?p=746\" \/>\n<meta property=\"og:site_name\" content=\"10K Lleida\" \/>\n<meta property=\"article:published_time\" content=\"2024-09-29T08:48:36+00:00\" \/>\n<meta property=\"article:modified_time\" content=\"2024-10-16T12:49:55+00:00\" \/>\n<meta property=\"og:image\" content=\"https:\/\/10klleida.com\/wp-content\/uploads\/2024\/09\/noticia-10k-segre.jpg\" \/>\n\t<meta property=\"og:image:width\" content=\"1087\" \/>\n\t<meta property=\"og:image:height\" content=\"1177\" \/>\n\t<meta property=\"og:image:type\" content=\"image\/jpeg\" \/>\n<meta name=\"author\" content=\"admin\" \/>\n<meta name=\"twitter:card\" content=\"summary_large_image\" \/>\n<meta name=\"twitter:label1\" content=\"Escrit per\" \/>\n\t<meta name=\"twitter:data1\" content=\"admin\" \/>\n\t<meta name=\"twitter:label2\" content=\"Temps estimat de lectura\" \/>\n\t<meta name=\"twitter:data2\" content=\"1 minut\" \/>\n<script type=\"application\/ld+json\" class=\"yoast-schema-graph\">{\"@context\":\"https:\/\/schema.org\",\"@graph\":[{\"@type\":\"WebPage\",\"@id\":\"https:\/\/10klleida.com\/ca\/?p=746\",\"url\":\"https:\/\/10klleida.com\/ca\/?p=746\",\"name\":\"Neix a Lleida la primera prova estatal de 10 km - 10K Lleida\",\"isPartOf\":{\"@id\":\"https:\/\/10klleida.com\/#website\"},\"primaryImageOfPage\":{\"@id\":\"https:\/\/10klleida.com\/ca\/?p=746#primaryimage\"},\"image\":{\"@id\":\"https:\/\/10klleida.com\/ca\/?p=746#primaryimage\"},\"thumbnailUrl\":\"https:\/\/10klleida.com\/wp-content\/uploads\/2024\/09\/noticia-10k-segre.jpg\",\"datePublished\":\"2024-09-29T08:48:36+00:00\",\"dateModified\":\"2024-10-16T12:49:55+00:00\",\"author\":{\"@id\":\"https:\/\/10klleida.com\/#\/schema\/person\/383151f62839217e18b06513579c9ea9\"},\"breadcrumb\":{\"@id\":\"https:\/\/10klleida.com\/ca\/?p=746#breadcrumb\"},\"inLanguage\":\"ca\",\"potentialAction\":[{\"@type\":\"ReadAction\",\"target\":[\"https:\/\/10klleida.com\/ca\/?p=746\"]}]},{\"@type\":\"ImageObject\",\"inLanguage\":\"ca\",\"@id\":\"https:\/\/10klleida.com\/ca\/?p=746#primaryimage\",\"url\":\"https:\/\/10klleida.com\/wp-content\/uploads\/2024\/09\/noticia-10k-segre.jpg\",\"contentUrl\":\"https:\/\/10klleida.com\/wp-content\/uploads\/2024\/09\/noticia-10k-segre.jpg\",\"width\":1087,\"height\":1177},{\"@type\":\"BreadcrumbList\",\"@id\":\"https:\/\/10klleida.com\/ca\/?p=746#breadcrumb\",\"itemListElement\":[{\"@type\":\"ListItem\",\"position\":1,\"name\":\"Portada\",\"item\":\"https:\/\/10klleida.com\/ca\/\"},{\"@type\":\"ListItem\",\"position\":2,\"name\":\"Neix a Lleida la primera prova estatal de 10 km\"}]},{\"@type\":\"WebSite\",\"@id\":\"https:\/\/10klleida.com\/#website\",\"url\":\"https:\/\/10klleida.com\/\",\"name\":\"10K Lleida\",\"description\":\"10K Lleida\",\"potentialAction\":[{\"@type\":\"SearchAction\",\"target\":{\"@type\":\"EntryPoint\",\"urlTemplate\":\"https:\/\/10klleida.com\/?s={search_term_string}\"},\"query-input\":{\"@type\":\"PropertyValueSpecification\",\"valueRequired\":true,\"valueName\":\"search_term_string\"}}],\"inLanguage\":\"ca\"},{\"@type\":\"Person\",\"@id\":\"https:\/\/10klleida.com\/#\/schema\/person\/383151f62839217e18b06513579c9ea9\",\"name\":\"admin\",\"image\":{\"@type\":\"ImageObject\",\"inLanguage\":\"ca\",\"@id\":\"https:\/\/10klleida.com\/#\/schema\/person\/image\/\",\"url\":\"https:\/\/secure.gravatar.com\/avatar\/75bebad80d6ccc385cfd0ddace3b2e13?s=96&d=mm&r=g\",\"contentUrl\":\"https:\/\/secure.gravatar.com\/avatar\/75bebad80d6ccc385cfd0ddace3b2e13?s=96&d=mm&r=g\",\"caption\":\"admin\"}}]}<\/script>\n<!-- \/ Yoast SEO plugin. -->","yoast_head_json":{"title":"Neix a Lleida la primera prova estatal de 10 km - 10K Lleida","robots":{"index":"index","follow":"follow","max-snippet":"max-snippet:-1","max-image-preview":"max-image-preview:large","max-video-preview":"max-video-preview:-1"},"canonical":"https:\/\/10klleida.com\/ca\/?p=746","og_locale":"ca_ES","og_type":"article","og_title":"Neix a Lleida la primera prova estatal de 10 km - 10K Lleida","og_description":"Neix a Lleida la primera prova estatal de 10 km El 24 de novembre i per al futur es preveu una de 5 km, una milla i un cros Lleida albergar\u00e0 aquest any la primera prova de 10K de car\u00e0cter estatal i la primera que...","og_url":"https:\/\/10klleida.com\/ca\/?p=746","og_site_name":"10K Lleida","article_published_time":"2024-09-29T08:48:36+00:00","article_modified_time":"2024-10-16T12:49:55+00:00","og_image":[{"width":1087,"height":1177,"url":"https:\/\/10klleida.com\/wp-content\/uploads\/2024\/09\/noticia-10k-segre.jpg","type":"image\/jpeg"}],"author":"admin","twitter_card":"summary_large_image","twitter_misc":{"Escrit per":"admin","Temps estimat de lectura":"1 minut"},"schema":{"@context":"https:\/\/schema.org","@graph":[{"@type":"WebPage","@id":"https:\/\/10klleida.com\/ca\/?p=746","url":"https:\/\/10klleida.com\/ca\/?p=746","name":"Neix a Lleida la primera prova estatal de 10 km - 10K Lleida","isPartOf":{"@id":"https:\/\/10klleida.com\/#website"},"primaryImageOfPage":{"@id":"https:\/\/10klleida.com\/ca\/?p=746#primaryimage"},"image":{"@id":"https:\/\/10klleida.com\/ca\/?p=746#primaryimage"},"thumbnailUrl":"https:\/\/10klleida.com\/wp-content\/uploads\/2024\/09\/noticia-10k-segre.jpg","datePublished":"2024-09-29T08:48:36+00:00","dateModified":"2024-10-16T12:49:55+00:00","author":{"@id":"https:\/\/10klleida.com\/#\/schema\/person\/383151f62839217e18b06513579c9ea9"},"breadcrumb":{"@id":"https:\/\/10klleida.com\/ca\/?p=746#breadcrumb"},"inLanguage":"ca","potentialAction":[{"@type":"ReadAction","target":["https:\/\/10klleida.com\/ca\/?p=746"]}]},{"@type":"ImageObject","inLanguage":"ca","@id":"https:\/\/10klleida.com\/ca\/?p=746#primaryimage","url":"https:\/\/10klleida.com\/wp-content\/uploads\/2024\/09\/noticia-10k-segre.jpg","contentUrl":"https:\/\/10klleida.com\/wp-content\/uploads\/2024\/09\/noticia-10k-segre.jpg","width":1087,"height":1177},{"@type":"BreadcrumbList","@id":"https:\/\/10klleida.com\/ca\/?p=746#breadcrumb","itemListElement":[{"@type":"ListItem","position":1,"name":"Portada","item":"https:\/\/10klleida.com\/ca\/"},{"@type":"ListItem","position":2,"name":"Neix a Lleida la primera prova estatal de 10 km"}]},{"@type":"WebSite","@id":"https:\/\/10klleida.com\/#website","url":"https:\/\/10klleida.com\/","name":"10K Lleida","description":"10K Lleida","potentialAction":[{"@type":"SearchAction","target":{"@type":"EntryPoint","urlTemplate":"https:\/\/10klleida.com\/?s={search_term_string}"},"query-input":{"@type":"PropertyValueSpecification","valueRequired":true,"valueName":"search_term_string"}}],"inLanguage":"ca"},{"@type":"Person","@id":"https:\/\/10klleida.com\/#\/schema\/person\/383151f62839217e18b06513579c9ea9","name":"admin","image":{"@type":"ImageObject","inLanguage":"ca","@id":"https:\/\/10klleida.com\/#\/schema\/person\/image\/","url":"https:\/\/secure.gravatar.com\/avatar\/75bebad80d6ccc385cfd0ddace3b2e13?s=96&d=mm&r=g","contentUrl":"https:\/\/secure.gravatar.com\/avatar\/75bebad80d6ccc385cfd0ddace3b2e13?s=96&d=mm&r=g","caption":"admin"}}]}},"_links":{"self":[{"href":"https:\/\/10klleida.com\/ca\/wp-json\/wp\/v2\/posts\/746"}],"collection":[{"href":"https:\/\/10klleida.com\/ca\/wp-json\/wp\/v2\/posts"}],"about":[{"href":"https:\/\/10klleida.com\/ca\/wp-json\/wp\/v2\/types\/post"}],"author":[{"embeddable":true,"href":"https:\/\/10klleida.com\/ca\/wp-json\/wp\/v2\/users\/1"}],"replies":[{"embeddable":true,"href":"https:\/\/10klleida.com\/ca\/wp-json\/wp\/v2\/comments?post=746"}],"version-history":[{"count":1,"href":"https:\/\/10klleida.com\/ca\/wp-json\/wp\/v2\/posts\/746\/revisions"}],"predecessor-version":[{"id":750,"href":"https:\/\/10klleida.com\/ca\/wp-json\/wp\/v2\/posts\/746\/revisions\/750"}],"wp:featuredmedia":[{"embeddable":true,"href":"https:\/\/10klleida.com\/ca\/wp-json\/wp\/v2\/media\/695"}],"wp:attachment":[{"href":"https:\/\/10klleida.com\/ca\/wp-json\/wp\/v2\/media?parent=746"}],"wp:term":[{"taxonomy":"category","embeddable":true,"href":"https:\/\/10klleida.com\/ca\/wp-json\/wp\/v2\/categories?post=746"},{"taxonomy":"post_tag","embeddable":true,"href":"https:\/\/10klleida.com\/ca\/wp-json\/wp\/v2\/tags?post=746"}],"curies":[{"name":"wp","href":"https:\/\/api.w.org\/{rel}","templated":true}]}}