{"id":747,"date":"2024-10-13T09:01:51","date_gmt":"2024-10-13T09:01:51","guid":{"rendered":"https:\/\/10klleida.com\/es-presenta-la-10k-lleida-cita-esportiva-que-cerca-ser-referent-nacional\/"},"modified":"2024-10-16T12:49:55","modified_gmt":"2024-10-16T12:49:55","slug":"es-presenta-la-10k-lleida-cita-esportiva-que-cerca-ser-referent-nacional","status":"publish","type":"post","link":"https:\/\/10klleida.com\/ca\/es-presenta-la-10k-lleida-cita-esportiva-que-cerca-ser-referent-nacional\/","title":{"rendered":"Es presenta la 10K Lleida, cita esportiva que cerca ser referent nacional"},"content":{"rendered":"<h1><span class=\"capital-letter\">Es presenta la 10K Lleida, cita esportiva que cerca ser referent nacional<\/span><\/h1>\n<p style=\"font-weight: 400;\"><span class=\"capital-letter\">Comen\u00e7a<\/span> el compte enrere per a la primera edici\u00f3 de la <strong>10K Lleida Race Internacional<\/strong> , organitzada per l&#8217; <strong>Associaci\u00f3 Leridana d&#8217;Esport (ALEDE)<\/strong> . La data escollida \u00e9s el 24 de novembre, a les 10 h. Els detalls de la cursa es presentaran el proper 8 d&#8217;octubre a Lleida.  <\/p>\n<p><strong><a href=\"https:\/\/www.marca.com\/tiramillas\/2024\/09\/30\/66fabc51e2704e2f1c8b45c5.html\" target=\"_blank\" rel=\"noopener\">Not\u00edcia a Tiramillas<\/a><\/strong><\/p>\n","protected":false},"excerpt":{"rendered":"<p>Es presenta la 10K Lleida, cita esportiva que cerca ser referent nacional Comen\u00e7a el compte enrere per a la primera edici\u00f3 de la 10K Lleida Race Internacional , organitzada per l&#8217; Associaci\u00f3 Leridana d&#8217;Esport (ALEDE) . La data escollida \u00e9s el 24 de novembre, a&#8230;<\/p>\n","protected":false},"author":1,"featured_media":702,"comment_status":"closed","ping_status":"closed","sticky":false,"template":"","format":"standard","meta":{"content-type":"","om_disable_all_campaigns":false,"_monsterinsights_skip_tracking":false,"_monsterinsights_sitenote_active":false,"_monsterinsights_sitenote_note":"","_monsterinsights_sitenote_category":0,"_uf_show_specific_survey":0,"_uf_disable_surveys":false,"footnotes":""},"categories":[1],"tags":[29,28,31,30],"class_list":["post-747","post","type-post","status-publish","format-standard","has-post-thumbnail","hentry","category-sin-categorizar","tag-10k-ca","tag-carrera-ca","tag-cita-esportiva","tag-internacional-ca"],"aioseo_notices":[],"yoast_head":"<!-- This site is optimized with the Yoast SEO plugin v23.5 - https:\/\/yoast.com\/wordpress\/plugins\/seo\/ -->\n<title>Es presenta la 10K Lleida, cita esportiva que cerca ser referent nacional - 10K Lleida<\/title>\n<meta name=\"description\" content=\"Ahir es va presentar a la Diputaci\u00f3 de Lleida la 10K Lleida Race International, cursa que tindr\u00e0 lloc el proper 24 de novembre.\" \/>\n<meta name=\"robots\" content=\"index, follow, max-snippet:-1, max-image-preview:large, max-video-preview:-1\" \/>\n<link rel=\"canonical\" href=\"https:\/\/10klleida.com\/ca\/?p=747\" \/>\n<meta property=\"og:locale\" content=\"ca_ES\" \/>\n<meta property=\"og:type\" content=\"article\" \/>\n<meta property=\"og:title\" content=\"Es presenta la 10K Lleida, cita esportiva que cerca ser referent nacional - 10K Lleida\" \/>\n<meta property=\"og:description\" content=\"Ahir es va presentar a la Diputaci\u00f3 de Lleida la 10K Lleida Race International, cursa que tindr\u00e0 lloc el proper 24 de novembre.\" \/>\n<meta property=\"og:url\" content=\"https:\/\/10klleida.com\/ca\/?p=747\" \/>\n<meta property=\"og:site_name\" content=\"10K Lleida\" \/>\n<meta property=\"article:published_time\" content=\"2024-10-13T09:01:51+00:00\" \/>\n<meta property=\"article:modified_time\" content=\"2024-10-16T12:49:55+00:00\" \/>\n<meta property=\"og:image\" content=\"https:\/\/10klleida.com\/wp-content\/uploads\/2024\/10\/Se-presenta-la-10K-Lleida-cita-deportiva-que-busca-ser-referente-nacional.jpg\" \/>\n\t<meta property=\"og:image:width\" content=\"934\" \/>\n\t<meta property=\"og:image:height\" content=\"934\" \/>\n\t<meta property=\"og:image:type\" content=\"image\/jpeg\" \/>\n<meta name=\"author\" content=\"admin\" \/>\n<meta name=\"twitter:card\" content=\"summary_large_image\" \/>\n<meta name=\"twitter:label1\" content=\"Escrit per\" \/>\n\t<meta name=\"twitter:data1\" content=\"admin\" \/>\n<script type=\"application\/ld+json\" class=\"yoast-schema-graph\">{\"@context\":\"https:\/\/schema.org\",\"@graph\":[{\"@type\":\"WebPage\",\"@id\":\"https:\/\/10klleida.com\/ca\/?p=747\",\"url\":\"https:\/\/10klleida.com\/ca\/?p=747\",\"name\":\"Es presenta la 10K Lleida, cita esportiva que cerca ser referent nacional - 10K Lleida\",\"isPartOf\":{\"@id\":\"https:\/\/10klleida.com\/#website\"},\"primaryImageOfPage\":{\"@id\":\"https:\/\/10klleida.com\/ca\/?p=747#primaryimage\"},\"image\":{\"@id\":\"https:\/\/10klleida.com\/ca\/?p=747#primaryimage\"},\"thumbnailUrl\":\"https:\/\/10klleida.com\/wp-content\/uploads\/2024\/10\/Se-presenta-la-10K-Lleida-cita-deportiva-que-busca-ser-referente-nacional.jpg\",\"datePublished\":\"2024-10-13T09:01:51+00:00\",\"dateModified\":\"2024-10-16T12:49:55+00:00\",\"author\":{\"@id\":\"https:\/\/10klleida.com\/#\/schema\/person\/383151f62839217e18b06513579c9ea9\"},\"description\":\"Ahir es va presentar a la Diputaci\u00f3 de Lleida la 10K Lleida Race International, cursa que tindr\u00e0 lloc el proper 24 de novembre.\",\"breadcrumb\":{\"@id\":\"https:\/\/10klleida.com\/ca\/?p=747#breadcrumb\"},\"inLanguage\":\"ca\",\"potentialAction\":[{\"@type\":\"ReadAction\",\"target\":[\"https:\/\/10klleida.com\/ca\/?p=747\"]}]},{\"@type\":\"ImageObject\",\"inLanguage\":\"ca\",\"@id\":\"https:\/\/10klleida.com\/ca\/?p=747#primaryimage\",\"url\":\"https:\/\/10klleida.com\/wp-content\/uploads\/2024\/10\/Se-presenta-la-10K-Lleida-cita-deportiva-que-busca-ser-referente-nacional.jpg\",\"contentUrl\":\"https:\/\/10klleida.com\/wp-content\/uploads\/2024\/10\/Se-presenta-la-10K-Lleida-cita-deportiva-que-busca-ser-referente-nacional.jpg\",\"width\":934,\"height\":934},{\"@type\":\"BreadcrumbList\",\"@id\":\"https:\/\/10klleida.com\/ca\/?p=747#breadcrumb\",\"itemListElement\":[{\"@type\":\"ListItem\",\"position\":1,\"name\":\"Portada\",\"item\":\"https:\/\/10klleida.com\/ca\/\"},{\"@type\":\"ListItem\",\"position\":2,\"name\":\"Es presenta la 10K Lleida, cita esportiva que cerca ser referent nacional\"}]},{\"@type\":\"WebSite\",\"@id\":\"https:\/\/10klleida.com\/#website\",\"url\":\"https:\/\/10klleida.com\/\",\"name\":\"10K Lleida\",\"description\":\"10K Lleida\",\"potentialAction\":[{\"@type\":\"SearchAction\",\"target\":{\"@type\":\"EntryPoint\",\"urlTemplate\":\"https:\/\/10klleida.com\/?s={search_term_string}\"},\"query-input\":{\"@type\":\"PropertyValueSpecification\",\"valueRequired\":true,\"valueName\":\"search_term_string\"}}],\"inLanguage\":\"ca\"},{\"@type\":\"Person\",\"@id\":\"https:\/\/10klleida.com\/#\/schema\/person\/383151f62839217e18b06513579c9ea9\",\"name\":\"admin\",\"image\":{\"@type\":\"ImageObject\",\"inLanguage\":\"ca\",\"@id\":\"https:\/\/10klleida.com\/#\/schema\/person\/image\/\",\"url\":\"https:\/\/secure.gravatar.com\/avatar\/75bebad80d6ccc385cfd0ddace3b2e13?s=96&d=mm&r=g\",\"contentUrl\":\"https:\/\/secure.gravatar.com\/avatar\/75bebad80d6ccc385cfd0ddace3b2e13?s=96&d=mm&r=g\",\"caption\":\"admin\"}}]}<\/script>\n<!-- \/ Yoast SEO plugin. -->","yoast_head_json":{"title":"Es presenta la 10K Lleida, cita esportiva que cerca ser referent nacional - 10K Lleida","description":"Ahir es va presentar a la Diputaci\u00f3 de Lleida la 10K Lleida Race International, cursa que tindr\u00e0 lloc el proper 24 de novembre.","robots":{"index":"index","follow":"follow","max-snippet":"max-snippet:-1","max-image-preview":"max-image-preview:large","max-video-preview":"max-video-preview:-1"},"canonical":"https:\/\/10klleida.com\/ca\/?p=747","og_locale":"ca_ES","og_type":"article","og_title":"Es presenta la 10K Lleida, cita esportiva que cerca ser referent nacional - 10K Lleida","og_description":"Ahir es va presentar a la Diputaci\u00f3 de Lleida la 10K Lleida Race International, cursa que tindr\u00e0 lloc el proper 24 de novembre.","og_url":"https:\/\/10klleida.com\/ca\/?p=747","og_site_name":"10K Lleida","article_published_time":"2024-10-13T09:01:51+00:00","article_modified_time":"2024-10-16T12:49:55+00:00","og_image":[{"width":934,"height":934,"url":"https:\/\/10klleida.com\/wp-content\/uploads\/2024\/10\/Se-presenta-la-10K-Lleida-cita-deportiva-que-busca-ser-referente-nacional.jpg","type":"image\/jpeg"}],"author":"admin","twitter_card":"summary_large_image","twitter_misc":{"Escrit per":"admin"},"schema":{"@context":"https:\/\/schema.org","@graph":[{"@type":"WebPage","@id":"https:\/\/10klleida.com\/ca\/?p=747","url":"https:\/\/10klleida.com\/ca\/?p=747","name":"Es presenta la 10K Lleida, cita esportiva que cerca ser referent nacional - 10K Lleida","isPartOf":{"@id":"https:\/\/10klleida.com\/#website"},"primaryImageOfPage":{"@id":"https:\/\/10klleida.com\/ca\/?p=747#primaryimage"},"image":{"@id":"https:\/\/10klleida.com\/ca\/?p=747#primaryimage"},"thumbnailUrl":"https:\/\/10klleida.com\/wp-content\/uploads\/2024\/10\/Se-presenta-la-10K-Lleida-cita-deportiva-que-busca-ser-referente-nacional.jpg","datePublished":"2024-10-13T09:01:51+00:00","dateModified":"2024-10-16T12:49:55+00:00","author":{"@id":"https:\/\/10klleida.com\/#\/schema\/person\/383151f62839217e18b06513579c9ea9"},"description":"Ahir es va presentar a la Diputaci\u00f3 de Lleida la 10K Lleida Race International, cursa que tindr\u00e0 lloc el proper 24 de novembre.","breadcrumb":{"@id":"https:\/\/10klleida.com\/ca\/?p=747#breadcrumb"},"inLanguage":"ca","potentialAction":[{"@type":"ReadAction","target":["https:\/\/10klleida.com\/ca\/?p=747"]}]},{"@type":"ImageObject","inLanguage":"ca","@id":"https:\/\/10klleida.com\/ca\/?p=747#primaryimage","url":"https:\/\/10klleida.com\/wp-content\/uploads\/2024\/10\/Se-presenta-la-10K-Lleida-cita-deportiva-que-busca-ser-referente-nacional.jpg","contentUrl":"https:\/\/10klleida.com\/wp-content\/uploads\/2024\/10\/Se-presenta-la-10K-Lleida-cita-deportiva-que-busca-ser-referente-nacional.jpg","width":934,"height":934},{"@type":"BreadcrumbList","@id":"https:\/\/10klleida.com\/ca\/?p=747#breadcrumb","itemListElement":[{"@type":"ListItem","position":1,"name":"Portada","item":"https:\/\/10klleida.com\/ca\/"},{"@type":"ListItem","position":2,"name":"Es presenta la 10K Lleida, cita esportiva que cerca ser referent nacional"}]},{"@type":"WebSite","@id":"https:\/\/10klleida.com\/#website","url":"https:\/\/10klleida.com\/","name":"10K Lleida","description":"10K Lleida","potentialAction":[{"@type":"SearchAction","target":{"@type":"EntryPoint","urlTemplate":"https:\/\/10klleida.com\/?s={search_term_string}"},"query-input":{"@type":"PropertyValueSpecification","valueRequired":true,"valueName":"search_term_string"}}],"inLanguage":"ca"},{"@type":"Person","@id":"https:\/\/10klleida.com\/#\/schema\/person\/383151f62839217e18b06513579c9ea9","name":"admin","image":{"@type":"ImageObject","inLanguage":"ca","@id":"https:\/\/10klleida.com\/#\/schema\/person\/image\/","url":"https:\/\/secure.gravatar.com\/avatar\/75bebad80d6ccc385cfd0ddace3b2e13?s=96&d=mm&r=g","contentUrl":"https:\/\/secure.gravatar.com\/avatar\/75bebad80d6ccc385cfd0ddace3b2e13?s=96&d=mm&r=g","caption":"admin"}}]}},"_links":{"self":[{"href":"https:\/\/10klleida.com\/ca\/wp-json\/wp\/v2\/posts\/747"}],"collection":[{"href":"https:\/\/10klleida.com\/ca\/wp-json\/wp\/v2\/posts"}],"about":[{"href":"https:\/\/10klleida.com\/ca\/wp-json\/wp\/v2\/types\/post"}],"author":[{"embeddable":true,"href":"https:\/\/10klleida.com\/ca\/wp-json\/wp\/v2\/users\/1"}],"replies":[{"embeddable":true,"href":"https:\/\/10klleida.com\/ca\/wp-json\/wp\/v2\/comments?post=747"}],"version-history":[{"count":1,"href":"https:\/\/10klleida.com\/ca\/wp-json\/wp\/v2\/posts\/747\/revisions"}],"predecessor-version":[{"id":752,"href":"https:\/\/10klleida.com\/ca\/wp-json\/wp\/v2\/posts\/747\/revisions\/752"}],"wp:featuredmedia":[{"embeddable":true,"href":"https:\/\/10klleida.com\/ca\/wp-json\/wp\/v2\/media\/702"}],"wp:attachment":[{"href":"https:\/\/10klleida.com\/ca\/wp-json\/wp\/v2\/media?parent=747"}],"wp:term":[{"taxonomy":"category","embeddable":true,"href":"https:\/\/10klleida.com\/ca\/wp-json\/wp\/v2\/categories?post=747"},{"taxonomy":"post_tag","embeddable":true,"href":"https:\/\/10klleida.com\/ca\/wp-json\/wp\/v2\/tags?post=747"}],"curies":[{"name":"wp","href":"https:\/\/api.w.org\/{rel}","templated":true}]}}