{"id":748,"date":"2024-09-30T08:35:36","date_gmt":"2024-09-30T08:35:36","guid":{"rendered":"https:\/\/10klleida.com\/lleida-vol-correr-com-mai\/"},"modified":"2024-10-16T12:49:55","modified_gmt":"2024-10-16T12:49:55","slug":"lleida-vol-correr-com-mai","status":"publish","type":"post","link":"https:\/\/10klleida.com\/ca\/lleida-vol-correr-com-mai\/","title":{"rendered":"Lleida vol c\u00f3rrer com mai"},"content":{"rendered":"<h1 class=\"c-mainarticle__subtitle\">Lleida vol c\u00f3rrer com mai<\/h1>\n<h2 class=\"c-mainarticle__subtitle\"><span style=\"font-size: 16px;\">La maratoniana ol\u00edmpica Meritxell Soler \u00e9s la primera gran atleta confirmada pel 10K Lleida Race International.  <\/span><\/h2>\n<div>\n<div class=\"c-mainarticle__body\">\n<p>Ve a competir amb les m\u00e9s grans de la dist\u00e0ncia. Sense por, amb humilitat i ambici\u00f3, premisses b\u00e0siques que han d&#8217;acompanyar tothom que vulgui prosperar en una carrera de fons, ja sigui atleta o organitzador, com \u00e9s el cas. I \u00e9s que l&#8217; <strong>Associaci\u00f3 Leridana de l&#8217;Esport<\/strong> (ALEDE) -amb la col\u00b7laboraci\u00f3 de l&#8217;Ajuntament de Lleida, la Generalitat de Catalunya i les federacions catalana i espanyola- ho deixa clar al cognom de la seva nova criatura. Internacional. Perqu\u00e8 no aspira nom\u00e9s a guanyar-se un nom les nostres fronteres.    <\/p>\n<\/div>\n<p>&nbsp;<\/p>\n<\/div>\n<p><a href=\"https:\/\/www.soycorredor.es\/noticias\/10k-lleida-race-international-quiere-correr-como-nunca_300084_102.html\" target=\"_blank\" rel=\"noopener\">https:\/\/www.soycorredor.es\/noticias\/10k-lleida-race-international-quiere-correr-como-nunca_300084_102.html<\/a><\/p>\n","protected":false},"excerpt":{"rendered":"<p>Lleida vol c\u00f3rrer com mai La maratoniana ol\u00edmpica Meritxell Soler \u00e9s la primera gran atleta confirmada pel 10K Lleida Race International. Ve a competir amb les m\u00e9s grans de la dist\u00e0ncia. Sense por, amb humilitat i ambici\u00f3, premisses b\u00e0siques que han d&#8217;acompanyar tothom que vulgui&#8230;<\/p>\n","protected":false},"author":1,"featured_media":698,"comment_status":"closed","ping_status":"closed","sticky":false,"template":"","format":"standard","meta":{"content-type":"","om_disable_all_campaigns":false,"_monsterinsights_skip_tracking":false,"_monsterinsights_sitenote_active":false,"_monsterinsights_sitenote_note":"","_monsterinsights_sitenote_category":0,"_uf_show_specific_survey":0,"_uf_disable_surveys":false,"footnotes":""},"categories":[1],"tags":[],"class_list":["post-748","post","type-post","status-publish","format-standard","has-post-thumbnail","hentry","category-sin-categorizar"],"aioseo_notices":[],"yoast_head":"<!-- This site is optimized with the Yoast SEO plugin v23.5 - https:\/\/yoast.com\/wordpress\/plugins\/seo\/ -->\n<title>Lleida vol c\u00f3rrer com mai - 10K Lleida<\/title>\n<meta name=\"robots\" content=\"index, follow, max-snippet:-1, max-image-preview:large, max-video-preview:-1\" \/>\n<link rel=\"canonical\" href=\"https:\/\/10klleida.com\/ca\/?p=748\" \/>\n<meta property=\"og:locale\" content=\"ca_ES\" \/>\n<meta property=\"og:type\" content=\"article\" \/>\n<meta property=\"og:title\" content=\"Lleida vol c\u00f3rrer com mai - 10K Lleida\" \/>\n<meta property=\"og:description\" content=\"Lleida vol c\u00f3rrer com mai La maratoniana ol\u00edmpica Meritxell Soler \u00e9s la primera gran atleta confirmada pel 10K Lleida Race International. Ve a competir amb les m\u00e9s grans de la dist\u00e0ncia. Sense por, amb humilitat i ambici\u00f3, premisses b\u00e0siques que han d&#8217;acompanyar tothom que vulgui...\" \/>\n<meta property=\"og:url\" content=\"https:\/\/10klleida.com\/ca\/?p=748\" \/>\n<meta property=\"og:site_name\" content=\"10K Lleida\" \/>\n<meta property=\"article:published_time\" content=\"2024-09-30T08:35:36+00:00\" \/>\n<meta property=\"article:modified_time\" content=\"2024-10-16T12:49:55+00:00\" \/>\n<meta property=\"og:image\" content=\"https:\/\/10klleida.com\/wp-content\/uploads\/2024\/09\/noticia-10k-corredora.jpg\" \/>\n\t<meta property=\"og:image:width\" content=\"973\" \/>\n\t<meta property=\"og:image:height\" content=\"1214\" \/>\n\t<meta property=\"og:image:type\" content=\"image\/jpeg\" \/>\n<meta name=\"author\" content=\"admin\" \/>\n<meta name=\"twitter:card\" content=\"summary_large_image\" \/>\n<meta name=\"twitter:label1\" content=\"Escrit per\" \/>\n\t<meta name=\"twitter:data1\" content=\"admin\" \/>\n\t<meta name=\"twitter:label2\" content=\"Temps estimat de lectura\" \/>\n\t<meta name=\"twitter:data2\" content=\"1 minut\" \/>\n<script type=\"application\/ld+json\" class=\"yoast-schema-graph\">{\"@context\":\"https:\/\/schema.org\",\"@graph\":[{\"@type\":\"WebPage\",\"@id\":\"https:\/\/10klleida.com\/ca\/?p=748\",\"url\":\"https:\/\/10klleida.com\/ca\/?p=748\",\"name\":\"Lleida vol c\u00f3rrer com mai - 10K Lleida\",\"isPartOf\":{\"@id\":\"https:\/\/10klleida.com\/#website\"},\"primaryImageOfPage\":{\"@id\":\"https:\/\/10klleida.com\/ca\/?p=748#primaryimage\"},\"image\":{\"@id\":\"https:\/\/10klleida.com\/ca\/?p=748#primaryimage\"},\"thumbnailUrl\":\"https:\/\/10klleida.com\/wp-content\/uploads\/2024\/09\/noticia-10k-corredora.jpg\",\"datePublished\":\"2024-09-30T08:35:36+00:00\",\"dateModified\":\"2024-10-16T12:49:55+00:00\",\"author\":{\"@id\":\"https:\/\/10klleida.com\/#\/schema\/person\/383151f62839217e18b06513579c9ea9\"},\"breadcrumb\":{\"@id\":\"https:\/\/10klleida.com\/ca\/?p=748#breadcrumb\"},\"inLanguage\":\"ca\",\"potentialAction\":[{\"@type\":\"ReadAction\",\"target\":[\"https:\/\/10klleida.com\/ca\/?p=748\"]}]},{\"@type\":\"ImageObject\",\"inLanguage\":\"ca\",\"@id\":\"https:\/\/10klleida.com\/ca\/?p=748#primaryimage\",\"url\":\"https:\/\/10klleida.com\/wp-content\/uploads\/2024\/09\/noticia-10k-corredora.jpg\",\"contentUrl\":\"https:\/\/10klleida.com\/wp-content\/uploads\/2024\/09\/noticia-10k-corredora.jpg\",\"width\":973,\"height\":1214},{\"@type\":\"BreadcrumbList\",\"@id\":\"https:\/\/10klleida.com\/ca\/?p=748#breadcrumb\",\"itemListElement\":[{\"@type\":\"ListItem\",\"position\":1,\"name\":\"Portada\",\"item\":\"https:\/\/10klleida.com\/ca\/\"},{\"@type\":\"ListItem\",\"position\":2,\"name\":\"Lleida vol c\u00f3rrer com mai\"}]},{\"@type\":\"WebSite\",\"@id\":\"https:\/\/10klleida.com\/#website\",\"url\":\"https:\/\/10klleida.com\/\",\"name\":\"10K Lleida\",\"description\":\"10K Lleida\",\"potentialAction\":[{\"@type\":\"SearchAction\",\"target\":{\"@type\":\"EntryPoint\",\"urlTemplate\":\"https:\/\/10klleida.com\/?s={search_term_string}\"},\"query-input\":{\"@type\":\"PropertyValueSpecification\",\"valueRequired\":true,\"valueName\":\"search_term_string\"}}],\"inLanguage\":\"ca\"},{\"@type\":\"Person\",\"@id\":\"https:\/\/10klleida.com\/#\/schema\/person\/383151f62839217e18b06513579c9ea9\",\"name\":\"admin\",\"image\":{\"@type\":\"ImageObject\",\"inLanguage\":\"ca\",\"@id\":\"https:\/\/10klleida.com\/#\/schema\/person\/image\/\",\"url\":\"https:\/\/secure.gravatar.com\/avatar\/75bebad80d6ccc385cfd0ddace3b2e13?s=96&d=mm&r=g\",\"contentUrl\":\"https:\/\/secure.gravatar.com\/avatar\/75bebad80d6ccc385cfd0ddace3b2e13?s=96&d=mm&r=g\",\"caption\":\"admin\"}}]}<\/script>\n<!-- \/ Yoast SEO plugin. -->","yoast_head_json":{"title":"Lleida vol c\u00f3rrer com mai - 10K Lleida","robots":{"index":"index","follow":"follow","max-snippet":"max-snippet:-1","max-image-preview":"max-image-preview:large","max-video-preview":"max-video-preview:-1"},"canonical":"https:\/\/10klleida.com\/ca\/?p=748","og_locale":"ca_ES","og_type":"article","og_title":"Lleida vol c\u00f3rrer com mai - 10K Lleida","og_description":"Lleida vol c\u00f3rrer com mai La maratoniana ol\u00edmpica Meritxell Soler \u00e9s la primera gran atleta confirmada pel 10K Lleida Race International. Ve a competir amb les m\u00e9s grans de la dist\u00e0ncia. Sense por, amb humilitat i ambici\u00f3, premisses b\u00e0siques que han d&#8217;acompanyar tothom que vulgui...","og_url":"https:\/\/10klleida.com\/ca\/?p=748","og_site_name":"10K Lleida","article_published_time":"2024-09-30T08:35:36+00:00","article_modified_time":"2024-10-16T12:49:55+00:00","og_image":[{"width":973,"height":1214,"url":"https:\/\/10klleida.com\/wp-content\/uploads\/2024\/09\/noticia-10k-corredora.jpg","type":"image\/jpeg"}],"author":"admin","twitter_card":"summary_large_image","twitter_misc":{"Escrit per":"admin","Temps estimat de lectura":"1 minut"},"schema":{"@context":"https:\/\/schema.org","@graph":[{"@type":"WebPage","@id":"https:\/\/10klleida.com\/ca\/?p=748","url":"https:\/\/10klleida.com\/ca\/?p=748","name":"Lleida vol c\u00f3rrer com mai - 10K Lleida","isPartOf":{"@id":"https:\/\/10klleida.com\/#website"},"primaryImageOfPage":{"@id":"https:\/\/10klleida.com\/ca\/?p=748#primaryimage"},"image":{"@id":"https:\/\/10klleida.com\/ca\/?p=748#primaryimage"},"thumbnailUrl":"https:\/\/10klleida.com\/wp-content\/uploads\/2024\/09\/noticia-10k-corredora.jpg","datePublished":"2024-09-30T08:35:36+00:00","dateModified":"2024-10-16T12:49:55+00:00","author":{"@id":"https:\/\/10klleida.com\/#\/schema\/person\/383151f62839217e18b06513579c9ea9"},"breadcrumb":{"@id":"https:\/\/10klleida.com\/ca\/?p=748#breadcrumb"},"inLanguage":"ca","potentialAction":[{"@type":"ReadAction","target":["https:\/\/10klleida.com\/ca\/?p=748"]}]},{"@type":"ImageObject","inLanguage":"ca","@id":"https:\/\/10klleida.com\/ca\/?p=748#primaryimage","url":"https:\/\/10klleida.com\/wp-content\/uploads\/2024\/09\/noticia-10k-corredora.jpg","contentUrl":"https:\/\/10klleida.com\/wp-content\/uploads\/2024\/09\/noticia-10k-corredora.jpg","width":973,"height":1214},{"@type":"BreadcrumbList","@id":"https:\/\/10klleida.com\/ca\/?p=748#breadcrumb","itemListElement":[{"@type":"ListItem","position":1,"name":"Portada","item":"https:\/\/10klleida.com\/ca\/"},{"@type":"ListItem","position":2,"name":"Lleida vol c\u00f3rrer com mai"}]},{"@type":"WebSite","@id":"https:\/\/10klleida.com\/#website","url":"https:\/\/10klleida.com\/","name":"10K Lleida","description":"10K Lleida","potentialAction":[{"@type":"SearchAction","target":{"@type":"EntryPoint","urlTemplate":"https:\/\/10klleida.com\/?s={search_term_string}"},"query-input":{"@type":"PropertyValueSpecification","valueRequired":true,"valueName":"search_term_string"}}],"inLanguage":"ca"},{"@type":"Person","@id":"https:\/\/10klleida.com\/#\/schema\/person\/383151f62839217e18b06513579c9ea9","name":"admin","image":{"@type":"ImageObject","inLanguage":"ca","@id":"https:\/\/10klleida.com\/#\/schema\/person\/image\/","url":"https:\/\/secure.gravatar.com\/avatar\/75bebad80d6ccc385cfd0ddace3b2e13?s=96&d=mm&r=g","contentUrl":"https:\/\/secure.gravatar.com\/avatar\/75bebad80d6ccc385cfd0ddace3b2e13?s=96&d=mm&r=g","caption":"admin"}}]}},"_links":{"self":[{"href":"https:\/\/10klleida.com\/ca\/wp-json\/wp\/v2\/posts\/748"}],"collection":[{"href":"https:\/\/10klleida.com\/ca\/wp-json\/wp\/v2\/posts"}],"about":[{"href":"https:\/\/10klleida.com\/ca\/wp-json\/wp\/v2\/types\/post"}],"author":[{"embeddable":true,"href":"https:\/\/10klleida.com\/ca\/wp-json\/wp\/v2\/users\/1"}],"replies":[{"embeddable":true,"href":"https:\/\/10klleida.com\/ca\/wp-json\/wp\/v2\/comments?post=748"}],"version-history":[{"count":1,"href":"https:\/\/10klleida.com\/ca\/wp-json\/wp\/v2\/posts\/748\/revisions"}],"predecessor-version":[{"id":753,"href":"https:\/\/10klleida.com\/ca\/wp-json\/wp\/v2\/posts\/748\/revisions\/753"}],"wp:featuredmedia":[{"embeddable":true,"href":"https:\/\/10klleida.com\/ca\/wp-json\/wp\/v2\/media\/698"}],"wp:attachment":[{"href":"https:\/\/10klleida.com\/ca\/wp-json\/wp\/v2\/media?parent=748"}],"wp:term":[{"taxonomy":"category","embeddable":true,"href":"https:\/\/10klleida.com\/ca\/wp-json\/wp\/v2\/categories?post=748"},{"taxonomy":"post_tag","embeddable":true,"href":"https:\/\/10klleida.com\/ca\/wp-json\/wp\/v2\/tags?post=748"}],"curies":[{"name":"wp","href":"https:\/\/api.w.org\/{rel}","templated":true}]}}