{"id":755,"date":"2024-09-30T08:14:19","date_gmt":"2024-09-30T08:14:19","guid":{"rendered":"https:\/\/10klleida.com\/lleida-vol-correr-com-mai-2\/"},"modified":"2024-10-16T12:49:56","modified_gmt":"2024-10-16T12:49:56","slug":"lleida-vol-correr-com-mai-2","status":"publish","type":"post","link":"https:\/\/10klleida.com\/ca\/lleida-vol-correr-com-mai-2\/","title":{"rendered":"Lleida vol c\u00f3rrer com mai"},"content":{"rendered":"<h1>Lleida vol c\u00f3rrer com mai<\/h1>\n<p>&nbsp;<\/p>\n<h2><\/h2>\n<h2>El 24 de novembre a les 10.00 l&#8217;Associaci\u00f3 Leridana de l&#8217;Esport donar\u00e0 el tret de sortida a la primera edici\u00f3 del 10K Lleida Race International.<\/h2>\n<p>&nbsp;<\/p>\n<p>10K Lleida Race International, prova plana, en circuit urb\u00e0 (sortida i arribada a l&#8217;Estaci\u00f3 Lleida-Pirineus), homologada i inclosa al Calendari Nacional de la Reial Federaci\u00f3 Espanyola d&#8217;Atletisme, \u00e9s la nova fita que els atletes de qualsevol nivell han d&#8217;anotar en vermell en la planificaci\u00f3. Una invitaci\u00f3 a c\u00f3rrer de pressa i jubilar la nostra <em>personal best<\/em> . Les inscripcions podran realitzar-se fins al 19 de novembre a trav\u00e9s de la <a href=\"https:\/\/www.iter5.cat\/inscripcions\/formCursa.php?id=2091&amp;idioma=1\"><strong>p\u00e0gina web oficial<\/strong><\/a> i tindran un cost de 10\u20ac (en aquest preu, a m\u00e9s dels regals de la borsa del corredor, estar\u00e0 inclosa una asseguran\u00e7a m\u00e8dica). El nombre m\u00e0xim de participants permesos \u00e9s 2000 i no s&#8217;admetran inscripcions el dia de la prova, aix\u00ed que cal accelerar per no quedar fora d&#8217;aquesta primera edici\u00f3. El lliurament de dorsals tindr\u00e0 lloc el dissabte 23 de novembre (de 16.00 a 20.00) i el diumenge 24 (de 7.30 a 9.30) a la Pla\u00e7a de Berenguer IV, davant de l&#8217;Estaci\u00f3 de Trens Lleida Pirineus . <\/p>\n<figure class=\"wp-block-image size-full\"><\/figure>\n<p><strong>M\u00e9s informaci\u00f3 a:<\/strong><\/p>\n<p><strong>www.alede.org<\/strong><\/p>\n<p><a href=\"https:\/\/corricolari.eu\/lleida-quiere-correr-como-nunca\/\" target=\"_blank\" rel=\"noopener\">https:\/\/corricolari.eu\/lleida-quiere-correr-como-nunca\/<\/a><\/p>\n","protected":false},"excerpt":{"rendered":"<p>Lleida vol c\u00f3rrer com mai &nbsp; El 24 de novembre a les 10.00 l&#8217;Associaci\u00f3 Leridana de l&#8217;Esport donar\u00e0 el tret de sortida a la primera edici\u00f3 del 10K Lleida Race International. &nbsp; 10K Lleida Race International, prova plana, en circuit urb\u00e0 (sortida i arribada a&#8230;<\/p>\n","protected":false},"author":1,"featured_media":696,"comment_status":"closed","ping_status":"closed","sticky":false,"template":"","format":"standard","meta":{"content-type":"","om_disable_all_campaigns":false,"_monsterinsights_skip_tracking":false,"_monsterinsights_sitenote_active":false,"_monsterinsights_sitenote_note":"","_monsterinsights_sitenote_category":0,"_uf_show_specific_survey":0,"_uf_disable_surveys":false,"footnotes":""},"categories":[1],"tags":[],"class_list":["post-755","post","type-post","status-publish","format-standard","has-post-thumbnail","hentry","category-sin-categorizar"],"aioseo_notices":[],"yoast_head":"<!-- This site is optimized with the Yoast SEO plugin v23.5 - https:\/\/yoast.com\/wordpress\/plugins\/seo\/ -->\n<title>Lleida vol c\u00f3rrer com mai - 10K Lleida<\/title>\n<meta name=\"robots\" content=\"index, follow, max-snippet:-1, max-image-preview:large, max-video-preview:-1\" \/>\n<link rel=\"canonical\" href=\"https:\/\/10klleida.com\/ca\/?p=755\" \/>\n<meta property=\"og:locale\" content=\"ca_ES\" \/>\n<meta property=\"og:type\" content=\"article\" \/>\n<meta property=\"og:title\" content=\"Lleida vol c\u00f3rrer com mai - 10K Lleida\" \/>\n<meta property=\"og:description\" content=\"Lleida vol c\u00f3rrer com mai &nbsp; El 24 de novembre a les 10.00 l&#8217;Associaci\u00f3 Leridana de l&#8217;Esport donar\u00e0 el tret de sortida a la primera edici\u00f3 del 10K Lleida Race International. &nbsp; 10K Lleida Race International, prova plana, en circuit urb\u00e0 (sortida i arribada a...\" \/>\n<meta property=\"og:url\" content=\"https:\/\/10klleida.com\/ca\/?p=755\" \/>\n<meta property=\"og:site_name\" content=\"10K Lleida\" \/>\n<meta property=\"article:published_time\" content=\"2024-09-30T08:14:19+00:00\" \/>\n<meta property=\"article:modified_time\" content=\"2024-10-16T12:49:56+00:00\" \/>\n<meta property=\"og:image\" content=\"https:\/\/10klleida.com\/wp-content\/uploads\/2024\/09\/noticia-10-corricolae.jpg\" \/>\n\t<meta property=\"og:image:width\" content=\"1269\" \/>\n\t<meta property=\"og:image:height\" content=\"1115\" \/>\n\t<meta property=\"og:image:type\" content=\"image\/jpeg\" \/>\n<meta name=\"author\" content=\"admin\" \/>\n<meta name=\"twitter:card\" content=\"summary_large_image\" \/>\n<meta name=\"twitter:label1\" content=\"Escrit per\" \/>\n\t<meta name=\"twitter:data1\" content=\"admin\" \/>\n\t<meta name=\"twitter:label2\" content=\"Temps estimat de lectura\" \/>\n\t<meta name=\"twitter:data2\" content=\"1 minut\" \/>\n<script type=\"application\/ld+json\" class=\"yoast-schema-graph\">{\"@context\":\"https:\/\/schema.org\",\"@graph\":[{\"@type\":\"WebPage\",\"@id\":\"https:\/\/10klleida.com\/ca\/?p=755\",\"url\":\"https:\/\/10klleida.com\/ca\/?p=755\",\"name\":\"Lleida vol c\u00f3rrer com mai - 10K Lleida\",\"isPartOf\":{\"@id\":\"https:\/\/10klleida.com\/#website\"},\"primaryImageOfPage\":{\"@id\":\"https:\/\/10klleida.com\/ca\/?p=755#primaryimage\"},\"image\":{\"@id\":\"https:\/\/10klleida.com\/ca\/?p=755#primaryimage\"},\"thumbnailUrl\":\"https:\/\/10klleida.com\/wp-content\/uploads\/2024\/09\/noticia-10-corricolae.jpg\",\"datePublished\":\"2024-09-30T08:14:19+00:00\",\"dateModified\":\"2024-10-16T12:49:56+00:00\",\"author\":{\"@id\":\"https:\/\/10klleida.com\/#\/schema\/person\/383151f62839217e18b06513579c9ea9\"},\"breadcrumb\":{\"@id\":\"https:\/\/10klleida.com\/ca\/?p=755#breadcrumb\"},\"inLanguage\":\"ca\",\"potentialAction\":[{\"@type\":\"ReadAction\",\"target\":[\"https:\/\/10klleida.com\/ca\/?p=755\"]}]},{\"@type\":\"ImageObject\",\"inLanguage\":\"ca\",\"@id\":\"https:\/\/10klleida.com\/ca\/?p=755#primaryimage\",\"url\":\"https:\/\/10klleida.com\/wp-content\/uploads\/2024\/09\/noticia-10-corricolae.jpg\",\"contentUrl\":\"https:\/\/10klleida.com\/wp-content\/uploads\/2024\/09\/noticia-10-corricolae.jpg\",\"width\":1269,\"height\":1115},{\"@type\":\"BreadcrumbList\",\"@id\":\"https:\/\/10klleida.com\/ca\/?p=755#breadcrumb\",\"itemListElement\":[{\"@type\":\"ListItem\",\"position\":1,\"name\":\"Portada\",\"item\":\"https:\/\/10klleida.com\/ca\/\"},{\"@type\":\"ListItem\",\"position\":2,\"name\":\"Lleida vol c\u00f3rrer com mai\"}]},{\"@type\":\"WebSite\",\"@id\":\"https:\/\/10klleida.com\/#website\",\"url\":\"https:\/\/10klleida.com\/\",\"name\":\"10K Lleida\",\"description\":\"10K Lleida\",\"potentialAction\":[{\"@type\":\"SearchAction\",\"target\":{\"@type\":\"EntryPoint\",\"urlTemplate\":\"https:\/\/10klleida.com\/?s={search_term_string}\"},\"query-input\":{\"@type\":\"PropertyValueSpecification\",\"valueRequired\":true,\"valueName\":\"search_term_string\"}}],\"inLanguage\":\"ca\"},{\"@type\":\"Person\",\"@id\":\"https:\/\/10klleida.com\/#\/schema\/person\/383151f62839217e18b06513579c9ea9\",\"name\":\"admin\",\"image\":{\"@type\":\"ImageObject\",\"inLanguage\":\"ca\",\"@id\":\"https:\/\/10klleida.com\/#\/schema\/person\/image\/\",\"url\":\"https:\/\/secure.gravatar.com\/avatar\/75bebad80d6ccc385cfd0ddace3b2e13?s=96&d=mm&r=g\",\"contentUrl\":\"https:\/\/secure.gravatar.com\/avatar\/75bebad80d6ccc385cfd0ddace3b2e13?s=96&d=mm&r=g\",\"caption\":\"admin\"}}]}<\/script>\n<!-- \/ Yoast SEO plugin. -->","yoast_head_json":{"title":"Lleida vol c\u00f3rrer com mai - 10K Lleida","robots":{"index":"index","follow":"follow","max-snippet":"max-snippet:-1","max-image-preview":"max-image-preview:large","max-video-preview":"max-video-preview:-1"},"canonical":"https:\/\/10klleida.com\/ca\/?p=755","og_locale":"ca_ES","og_type":"article","og_title":"Lleida vol c\u00f3rrer com mai - 10K Lleida","og_description":"Lleida vol c\u00f3rrer com mai &nbsp; El 24 de novembre a les 10.00 l&#8217;Associaci\u00f3 Leridana de l&#8217;Esport donar\u00e0 el tret de sortida a la primera edici\u00f3 del 10K Lleida Race International. &nbsp; 10K Lleida Race International, prova plana, en circuit urb\u00e0 (sortida i arribada a...","og_url":"https:\/\/10klleida.com\/ca\/?p=755","og_site_name":"10K Lleida","article_published_time":"2024-09-30T08:14:19+00:00","article_modified_time":"2024-10-16T12:49:56+00:00","og_image":[{"width":1269,"height":1115,"url":"https:\/\/10klleida.com\/wp-content\/uploads\/2024\/09\/noticia-10-corricolae.jpg","type":"image\/jpeg"}],"author":"admin","twitter_card":"summary_large_image","twitter_misc":{"Escrit per":"admin","Temps estimat de lectura":"1 minut"},"schema":{"@context":"https:\/\/schema.org","@graph":[{"@type":"WebPage","@id":"https:\/\/10klleida.com\/ca\/?p=755","url":"https:\/\/10klleida.com\/ca\/?p=755","name":"Lleida vol c\u00f3rrer com mai - 10K Lleida","isPartOf":{"@id":"https:\/\/10klleida.com\/#website"},"primaryImageOfPage":{"@id":"https:\/\/10klleida.com\/ca\/?p=755#primaryimage"},"image":{"@id":"https:\/\/10klleida.com\/ca\/?p=755#primaryimage"},"thumbnailUrl":"https:\/\/10klleida.com\/wp-content\/uploads\/2024\/09\/noticia-10-corricolae.jpg","datePublished":"2024-09-30T08:14:19+00:00","dateModified":"2024-10-16T12:49:56+00:00","author":{"@id":"https:\/\/10klleida.com\/#\/schema\/person\/383151f62839217e18b06513579c9ea9"},"breadcrumb":{"@id":"https:\/\/10klleida.com\/ca\/?p=755#breadcrumb"},"inLanguage":"ca","potentialAction":[{"@type":"ReadAction","target":["https:\/\/10klleida.com\/ca\/?p=755"]}]},{"@type":"ImageObject","inLanguage":"ca","@id":"https:\/\/10klleida.com\/ca\/?p=755#primaryimage","url":"https:\/\/10klleida.com\/wp-content\/uploads\/2024\/09\/noticia-10-corricolae.jpg","contentUrl":"https:\/\/10klleida.com\/wp-content\/uploads\/2024\/09\/noticia-10-corricolae.jpg","width":1269,"height":1115},{"@type":"BreadcrumbList","@id":"https:\/\/10klleida.com\/ca\/?p=755#breadcrumb","itemListElement":[{"@type":"ListItem","position":1,"name":"Portada","item":"https:\/\/10klleida.com\/ca\/"},{"@type":"ListItem","position":2,"name":"Lleida vol c\u00f3rrer com mai"}]},{"@type":"WebSite","@id":"https:\/\/10klleida.com\/#website","url":"https:\/\/10klleida.com\/","name":"10K Lleida","description":"10K Lleida","potentialAction":[{"@type":"SearchAction","target":{"@type":"EntryPoint","urlTemplate":"https:\/\/10klleida.com\/?s={search_term_string}"},"query-input":{"@type":"PropertyValueSpecification","valueRequired":true,"valueName":"search_term_string"}}],"inLanguage":"ca"},{"@type":"Person","@id":"https:\/\/10klleida.com\/#\/schema\/person\/383151f62839217e18b06513579c9ea9","name":"admin","image":{"@type":"ImageObject","inLanguage":"ca","@id":"https:\/\/10klleida.com\/#\/schema\/person\/image\/","url":"https:\/\/secure.gravatar.com\/avatar\/75bebad80d6ccc385cfd0ddace3b2e13?s=96&d=mm&r=g","contentUrl":"https:\/\/secure.gravatar.com\/avatar\/75bebad80d6ccc385cfd0ddace3b2e13?s=96&d=mm&r=g","caption":"admin"}}]}},"_links":{"self":[{"href":"https:\/\/10klleida.com\/ca\/wp-json\/wp\/v2\/posts\/755"}],"collection":[{"href":"https:\/\/10klleida.com\/ca\/wp-json\/wp\/v2\/posts"}],"about":[{"href":"https:\/\/10klleida.com\/ca\/wp-json\/wp\/v2\/types\/post"}],"author":[{"embeddable":true,"href":"https:\/\/10klleida.com\/ca\/wp-json\/wp\/v2\/users\/1"}],"replies":[{"embeddable":true,"href":"https:\/\/10klleida.com\/ca\/wp-json\/wp\/v2\/comments?post=755"}],"version-history":[{"count":1,"href":"https:\/\/10klleida.com\/ca\/wp-json\/wp\/v2\/posts\/755\/revisions"}],"predecessor-version":[{"id":756,"href":"https:\/\/10klleida.com\/ca\/wp-json\/wp\/v2\/posts\/755\/revisions\/756"}],"wp:featuredmedia":[{"embeddable":true,"href":"https:\/\/10klleida.com\/ca\/wp-json\/wp\/v2\/media\/696"}],"wp:attachment":[{"href":"https:\/\/10klleida.com\/ca\/wp-json\/wp\/v2\/media?parent=755"}],"wp:term":[{"taxonomy":"category","embeddable":true,"href":"https:\/\/10klleida.com\/ca\/wp-json\/wp\/v2\/categories?post=755"},{"taxonomy":"post_tag","embeddable":true,"href":"https:\/\/10klleida.com\/ca\/wp-json\/wp\/v2\/tags?post=755"}],"curies":[{"name":"wp","href":"https:\/\/api.w.org\/{rel}","templated":true}]}}