{"id":935,"date":"2024-11-13T15:23:42","date_gmt":"2024-11-13T15:23:42","guid":{"rendered":"https:\/\/10klleida.com\/afectacions-al-transit-per-al-proper-24-de-novembre\/"},"modified":"2024-11-18T16:26:50","modified_gmt":"2024-11-18T16:26:50","slug":"afectacions-al-transit-per-al-proper-24-de-novembre","status":"publish","type":"post","link":"https:\/\/10klleida.com\/ca\/afectacions-al-transit-per-al-proper-24-de-novembre\/","title":{"rendered":"Afectacions al tr\u00e0nsit per al proper 24 de novembre"},"content":{"rendered":"<p class=\"p1\"><strong>Amb motiu de la celebraci\u00f3 de la cursa 10k Lleida Race International , informem sobre les segu\u0308ents afectacions al tr\u00e0nsit que tindran lloc el diumenge dia 24 de novembre per garantir la seguretat dels participants i facilitar el desenvolupament de la cursa.<\/strong><\/p>\n<p class=\"p1\"><strong>Afectacions al tr\u00e0nsit (diumenge de 9.00h a 11.15h):<\/strong><\/p>\n<p class=\"p1\">\u2022 Tancament Rambla Ferr\u00e0n<\/p>\n<p class=\"p1\">\u2022 Avinguda Blondel sentit Pla\u00e7a d\u2019Espanya<\/p>\n<p class=\"p1\">\u2022 Avinguda Madrid sentit Pla\u00e7a d\u2019Espanya<\/p>\n<p class=\"p1\">\u2022 Avinguda de l\u2019Estudi General sentit Pla\u00e7a d\u2019Espanya<\/p>\n<p class=\"p1\">\u2022 Avinguda de Barcelona sentit Av. de l\u2019Estudi General<\/p>\n<p class=\"p1\">\u2022 Carrer del Riu Ebre sentit LL-11<\/p>\n<p class=\"p1\">\u2022 Tancament Avinguda de Valencia des del Carrer del Riu Ebre finsAv. de les Garrigues<\/p>\n<p class=\"p1\">\u2022 Tancament de l\u2019Avinguda de les Garrigues des de Blondel fins Av. de Val\u00e8ncia<\/p>\n<p class=\"p1\">\u2022 Avinguda d\u2019Alacant sentit Av. de Val\u00e8ncia<\/p>\n<p class=\"p1\">\u2022 Cam\u00ed de Picos sentit Av. d\u2019Alacant<\/p>\n<p class=\"p1\">\u2022 Avinguda de Victoriano Mu\u00f1oz sentit LL-11<\/p>\n<p class=\"p1\">\u2022 Tancament carrer Princep de Viana des d\u2019el pont fins Rambla Ferr\u00e0nn<\/p>\n<p>&nbsp;<\/p>\n<p class=\"p1\"><strong>Mesures addicionals:<\/strong><\/p>\n<p class=\"p1\">\u2022 Personal de seguretat i senyalitzaci\u00f3 estaran desplegats en punts clau per orientar conductors i vianants i facilitar el tr\u00e0nsit.<\/p>\n<p>&nbsp;<\/p>\n<p class=\"p1\">El transport p\u00fablic podria experimentar lleugeres modificacions en les seves rutes habituals.<\/p>\n<p>Per a m\u00e9s informaci\u00f3 sobre les afectacions, consulteu el recorregut<a href=\"https:\/\/10klleida.com\/\/recorrido-lleida-10k.pdf\"> aqu\u00ed.<\/a><\/p>\n<p>&nbsp;<\/p>\n<p>&nbsp;<\/p>\n","protected":false},"excerpt":{"rendered":"<p>Amb motiu de la celebraci\u00f3 de la cursa 10k Lleida Race International , informem sobre les segu\u0308ents afectacions al tr\u00e0nsit que tindran lloc el diumenge dia 24 de novembre per garantir la seguretat dels participants i facilitar el desenvolupament de la cursa. Afectacions al tr\u00e0nsit&#8230;<\/p>\n","protected":false},"author":1,"featured_media":956,"comment_status":"closed","ping_status":"closed","sticky":false,"template":"","format":"standard","meta":{"content-type":"","om_disable_all_campaigns":false,"_monsterinsights_skip_tracking":false,"_monsterinsights_sitenote_active":false,"_monsterinsights_sitenote_note":"","_monsterinsights_sitenote_category":0,"_uf_show_specific_survey":0,"_uf_disable_surveys":false,"footnotes":""},"categories":[1],"tags":[29,28,30],"class_list":["post-935","post","type-post","status-publish","format-standard","has-post-thumbnail","hentry","category-sin-categorizar","tag-10k-ca","tag-carrera-ca","tag-internacional-ca"],"aioseo_notices":[],"yoast_head":"<!-- This site is optimized with the Yoast SEO plugin v23.5 - https:\/\/yoast.com\/wordpress\/plugins\/seo\/ -->\n<title>Afectacions al tr\u00e0nsit per al proper 24 de novembre - 10K Lleida<\/title>\n<meta name=\"description\" content=\"Ahir es va presentar a la Diputaci\u00f3 de Lleida la 10K Lleida Race International, cursa que tindr\u00e0 lloc el proper 24 de novembre.\" \/>\n<meta name=\"robots\" content=\"index, follow, max-snippet:-1, max-image-preview:large, max-video-preview:-1\" \/>\n<link rel=\"canonical\" href=\"https:\/\/10klleida.com\/ca\/afectacions-al-transit-per-al-proper-24-de-novembre\/\" \/>\n<meta property=\"og:locale\" content=\"ca_ES\" \/>\n<meta property=\"og:type\" content=\"article\" \/>\n<meta property=\"og:title\" content=\"Afectacions al tr\u00e0nsit per al proper 24 de novembre - 10K Lleida\" \/>\n<meta property=\"og:description\" content=\"Ahir es va presentar a la Diputaci\u00f3 de Lleida la 10K Lleida Race International, cursa que tindr\u00e0 lloc el proper 24 de novembre.\" \/>\n<meta property=\"og:url\" content=\"https:\/\/10klleida.com\/ca\/afectacions-al-transit-per-al-proper-24-de-novembre\/\" \/>\n<meta property=\"og:site_name\" content=\"10K Lleida\" \/>\n<meta property=\"article:published_time\" content=\"2024-11-13T15:23:42+00:00\" \/>\n<meta property=\"article:modified_time\" content=\"2024-11-18T16:26:50+00:00\" \/>\n<meta property=\"og:image\" content=\"https:\/\/10klleida.com\/wp-content\/uploads\/2024\/11\/Captura-de-pantalla-2024-11-14-a-las-13.35.57.png\" \/>\n\t<meta property=\"og:image:width\" content=\"649\" \/>\n\t<meta property=\"og:image:height\" content=\"890\" \/>\n\t<meta property=\"og:image:type\" content=\"image\/png\" \/>\n<meta name=\"author\" content=\"admin\" \/>\n<meta name=\"twitter:card\" content=\"summary_large_image\" \/>\n<meta name=\"twitter:label1\" content=\"Escrit per\" \/>\n\t<meta name=\"twitter:data1\" content=\"admin\" \/>\n\t<meta name=\"twitter:label2\" content=\"Temps estimat de lectura\" \/>\n\t<meta name=\"twitter:data2\" content=\"2 minuts\" \/>\n<script type=\"application\/ld+json\" class=\"yoast-schema-graph\">{\"@context\":\"https:\/\/schema.org\",\"@graph\":[{\"@type\":\"WebPage\",\"@id\":\"https:\/\/10klleida.com\/ca\/afectacions-al-transit-per-al-proper-24-de-novembre\/\",\"url\":\"https:\/\/10klleida.com\/ca\/afectacions-al-transit-per-al-proper-24-de-novembre\/\",\"name\":\"Afectacions al tr\u00e0nsit per al proper 24 de novembre - 10K Lleida\",\"isPartOf\":{\"@id\":\"https:\/\/10klleida.com\/#website\"},\"primaryImageOfPage\":{\"@id\":\"https:\/\/10klleida.com\/ca\/afectacions-al-transit-per-al-proper-24-de-novembre\/#primaryimage\"},\"image\":{\"@id\":\"https:\/\/10klleida.com\/ca\/afectacions-al-transit-per-al-proper-24-de-novembre\/#primaryimage\"},\"thumbnailUrl\":\"https:\/\/10klleida.com\/wp-content\/uploads\/2024\/11\/Captura-de-pantalla-2024-11-14-a-las-13.35.57.png\",\"datePublished\":\"2024-11-13T15:23:42+00:00\",\"dateModified\":\"2024-11-18T16:26:50+00:00\",\"author\":{\"@id\":\"https:\/\/10klleida.com\/#\/schema\/person\/383151f62839217e18b06513579c9ea9\"},\"description\":\"Ahir es va presentar a la Diputaci\u00f3 de Lleida la 10K Lleida Race International, cursa que tindr\u00e0 lloc el proper 24 de novembre.\",\"breadcrumb\":{\"@id\":\"https:\/\/10klleida.com\/ca\/afectacions-al-transit-per-al-proper-24-de-novembre\/#breadcrumb\"},\"inLanguage\":\"ca\",\"potentialAction\":[{\"@type\":\"ReadAction\",\"target\":[\"https:\/\/10klleida.com\/ca\/afectacions-al-transit-per-al-proper-24-de-novembre\/\"]}]},{\"@type\":\"ImageObject\",\"inLanguage\":\"ca\",\"@id\":\"https:\/\/10klleida.com\/ca\/afectacions-al-transit-per-al-proper-24-de-novembre\/#primaryimage\",\"url\":\"https:\/\/10klleida.com\/wp-content\/uploads\/2024\/11\/Captura-de-pantalla-2024-11-14-a-las-13.35.57.png\",\"contentUrl\":\"https:\/\/10klleida.com\/wp-content\/uploads\/2024\/11\/Captura-de-pantalla-2024-11-14-a-las-13.35.57.png\",\"width\":649,\"height\":890},{\"@type\":\"BreadcrumbList\",\"@id\":\"https:\/\/10klleida.com\/ca\/afectacions-al-transit-per-al-proper-24-de-novembre\/#breadcrumb\",\"itemListElement\":[{\"@type\":\"ListItem\",\"position\":1,\"name\":\"Portada\",\"item\":\"https:\/\/10klleida.com\/ca\/\"},{\"@type\":\"ListItem\",\"position\":2,\"name\":\"Afectacions al tr\u00e0nsit per al proper 24 de novembre\"}]},{\"@type\":\"WebSite\",\"@id\":\"https:\/\/10klleida.com\/#website\",\"url\":\"https:\/\/10klleida.com\/\",\"name\":\"10K Lleida\",\"description\":\"10K Lleida\",\"potentialAction\":[{\"@type\":\"SearchAction\",\"target\":{\"@type\":\"EntryPoint\",\"urlTemplate\":\"https:\/\/10klleida.com\/?s={search_term_string}\"},\"query-input\":{\"@type\":\"PropertyValueSpecification\",\"valueRequired\":true,\"valueName\":\"search_term_string\"}}],\"inLanguage\":\"ca\"},{\"@type\":\"Person\",\"@id\":\"https:\/\/10klleida.com\/#\/schema\/person\/383151f62839217e18b06513579c9ea9\",\"name\":\"admin\",\"image\":{\"@type\":\"ImageObject\",\"inLanguage\":\"ca\",\"@id\":\"https:\/\/10klleida.com\/#\/schema\/person\/image\/\",\"url\":\"https:\/\/secure.gravatar.com\/avatar\/75bebad80d6ccc385cfd0ddace3b2e13?s=96&d=mm&r=g\",\"contentUrl\":\"https:\/\/secure.gravatar.com\/avatar\/75bebad80d6ccc385cfd0ddace3b2e13?s=96&d=mm&r=g\",\"caption\":\"admin\"}}]}<\/script>\n<!-- \/ Yoast SEO plugin. -->","yoast_head_json":{"title":"Afectacions al tr\u00e0nsit per al proper 24 de novembre - 10K Lleida","description":"Ahir es va presentar a la Diputaci\u00f3 de Lleida la 10K Lleida Race International, cursa que tindr\u00e0 lloc el proper 24 de novembre.","robots":{"index":"index","follow":"follow","max-snippet":"max-snippet:-1","max-image-preview":"max-image-preview:large","max-video-preview":"max-video-preview:-1"},"canonical":"https:\/\/10klleida.com\/ca\/afectacions-al-transit-per-al-proper-24-de-novembre\/","og_locale":"ca_ES","og_type":"article","og_title":"Afectacions al tr\u00e0nsit per al proper 24 de novembre - 10K Lleida","og_description":"Ahir es va presentar a la Diputaci\u00f3 de Lleida la 10K Lleida Race International, cursa que tindr\u00e0 lloc el proper 24 de novembre.","og_url":"https:\/\/10klleida.com\/ca\/afectacions-al-transit-per-al-proper-24-de-novembre\/","og_site_name":"10K Lleida","article_published_time":"2024-11-13T15:23:42+00:00","article_modified_time":"2024-11-18T16:26:50+00:00","og_image":[{"width":649,"height":890,"url":"https:\/\/10klleida.com\/wp-content\/uploads\/2024\/11\/Captura-de-pantalla-2024-11-14-a-las-13.35.57.png","type":"image\/png"}],"author":"admin","twitter_card":"summary_large_image","twitter_misc":{"Escrit per":"admin","Temps estimat de lectura":"2 minuts"},"schema":{"@context":"https:\/\/schema.org","@graph":[{"@type":"WebPage","@id":"https:\/\/10klleida.com\/ca\/afectacions-al-transit-per-al-proper-24-de-novembre\/","url":"https:\/\/10klleida.com\/ca\/afectacions-al-transit-per-al-proper-24-de-novembre\/","name":"Afectacions al tr\u00e0nsit per al proper 24 de novembre - 10K Lleida","isPartOf":{"@id":"https:\/\/10klleida.com\/#website"},"primaryImageOfPage":{"@id":"https:\/\/10klleida.com\/ca\/afectacions-al-transit-per-al-proper-24-de-novembre\/#primaryimage"},"image":{"@id":"https:\/\/10klleida.com\/ca\/afectacions-al-transit-per-al-proper-24-de-novembre\/#primaryimage"},"thumbnailUrl":"https:\/\/10klleida.com\/wp-content\/uploads\/2024\/11\/Captura-de-pantalla-2024-11-14-a-las-13.35.57.png","datePublished":"2024-11-13T15:23:42+00:00","dateModified":"2024-11-18T16:26:50+00:00","author":{"@id":"https:\/\/10klleida.com\/#\/schema\/person\/383151f62839217e18b06513579c9ea9"},"description":"Ahir es va presentar a la Diputaci\u00f3 de Lleida la 10K Lleida Race International, cursa que tindr\u00e0 lloc el proper 24 de novembre.","breadcrumb":{"@id":"https:\/\/10klleida.com\/ca\/afectacions-al-transit-per-al-proper-24-de-novembre\/#breadcrumb"},"inLanguage":"ca","potentialAction":[{"@type":"ReadAction","target":["https:\/\/10klleida.com\/ca\/afectacions-al-transit-per-al-proper-24-de-novembre\/"]}]},{"@type":"ImageObject","inLanguage":"ca","@id":"https:\/\/10klleida.com\/ca\/afectacions-al-transit-per-al-proper-24-de-novembre\/#primaryimage","url":"https:\/\/10klleida.com\/wp-content\/uploads\/2024\/11\/Captura-de-pantalla-2024-11-14-a-las-13.35.57.png","contentUrl":"https:\/\/10klleida.com\/wp-content\/uploads\/2024\/11\/Captura-de-pantalla-2024-11-14-a-las-13.35.57.png","width":649,"height":890},{"@type":"BreadcrumbList","@id":"https:\/\/10klleida.com\/ca\/afectacions-al-transit-per-al-proper-24-de-novembre\/#breadcrumb","itemListElement":[{"@type":"ListItem","position":1,"name":"Portada","item":"https:\/\/10klleida.com\/ca\/"},{"@type":"ListItem","position":2,"name":"Afectacions al tr\u00e0nsit per al proper 24 de novembre"}]},{"@type":"WebSite","@id":"https:\/\/10klleida.com\/#website","url":"https:\/\/10klleida.com\/","name":"10K Lleida","description":"10K Lleida","potentialAction":[{"@type":"SearchAction","target":{"@type":"EntryPoint","urlTemplate":"https:\/\/10klleida.com\/?s={search_term_string}"},"query-input":{"@type":"PropertyValueSpecification","valueRequired":true,"valueName":"search_term_string"}}],"inLanguage":"ca"},{"@type":"Person","@id":"https:\/\/10klleida.com\/#\/schema\/person\/383151f62839217e18b06513579c9ea9","name":"admin","image":{"@type":"ImageObject","inLanguage":"ca","@id":"https:\/\/10klleida.com\/#\/schema\/person\/image\/","url":"https:\/\/secure.gravatar.com\/avatar\/75bebad80d6ccc385cfd0ddace3b2e13?s=96&d=mm&r=g","contentUrl":"https:\/\/secure.gravatar.com\/avatar\/75bebad80d6ccc385cfd0ddace3b2e13?s=96&d=mm&r=g","caption":"admin"}}]}},"_links":{"self":[{"href":"https:\/\/10klleida.com\/ca\/wp-json\/wp\/v2\/posts\/935"}],"collection":[{"href":"https:\/\/10klleida.com\/ca\/wp-json\/wp\/v2\/posts"}],"about":[{"href":"https:\/\/10klleida.com\/ca\/wp-json\/wp\/v2\/types\/post"}],"author":[{"embeddable":true,"href":"https:\/\/10klleida.com\/ca\/wp-json\/wp\/v2\/users\/1"}],"replies":[{"embeddable":true,"href":"https:\/\/10klleida.com\/ca\/wp-json\/wp\/v2\/comments?post=935"}],"version-history":[{"count":5,"href":"https:\/\/10klleida.com\/ca\/wp-json\/wp\/v2\/posts\/935\/revisions"}],"predecessor-version":[{"id":966,"href":"https:\/\/10klleida.com\/ca\/wp-json\/wp\/v2\/posts\/935\/revisions\/966"}],"wp:featuredmedia":[{"embeddable":true,"href":"https:\/\/10klleida.com\/ca\/wp-json\/wp\/v2\/media\/956"}],"wp:attachment":[{"href":"https:\/\/10klleida.com\/ca\/wp-json\/wp\/v2\/media?parent=935"}],"wp:term":[{"taxonomy":"category","embeddable":true,"href":"https:\/\/10klleida.com\/ca\/wp-json\/wp\/v2\/categories?post=935"},{"taxonomy":"post_tag","embeddable":true,"href":"https:\/\/10klleida.com\/ca\/wp-json\/wp\/v2\/tags?post=935"}],"curies":[{"name":"wp","href":"https:\/\/api.w.org\/{rel}","templated":true}]}}